{"id":871,"date":"2019-06-16T19:22:08","date_gmt":"2019-06-16T17:22:08","guid":{"rendered":"http:\/\/asptt-lyon-tennis.fr\/?p=871"},"modified":"2019-06-16T19:22:08","modified_gmt":"2019-06-16T17:22:08","slug":"saison-20192020","status":"publish","type":"post","link":"https:\/\/asptt-lyon-tennis.fr\/?p=871","title":{"rendered":"SAISON 2019\/2020"},"content":{"rendered":"<p style=\"text-align: left;\">Les inscriptions pour la saison 2019\/2020 sont ouvertes.<br \/>\nPour cette nouvelle saison une \u00e9cole de padel est ouverte pour les jeunes \u00e0 partir de 11 ans.<br \/>\nN\u2019h\u00e9sitez pas \u00e0 nous contacter pour une r\u00e9ponse personnalis\u00e9e et compl\u00e8te.<br \/>\nLes cours reprendront d\u00e8s le 9 septembre 2019.<br \/>\nToute l&rsquo;\u00e9quipe vous souhaite d&rsquo;ores et d\u00e9j\u00e0 un tr\u00e8s bel \u00e9t\u00e9.<\/p>\n<p style=\"text-align: left;\"><img loading=\"lazy\" class=\"wp-image-868 alignleft\" src=\"http:\/\/asptt-lyon-tennis.fr\/wp-content\/uploads\/2019\/06\/Affiche-\u00e9cole-de-padel-V1.jpg\" alt=\"\" width=\"658\" height=\"909\" srcset=\"https:\/\/asptt-lyon-tennis.fr\/wp-content\/uploads\/2019\/06\/Affiche-\u00e9cole-de-padel-V1.jpg 794w, https:\/\/asptt-lyon-tennis.fr\/wp-content\/uploads\/2019\/06\/Affiche-\u00e9cole-de-padel-V1-217x300.jpg 217w, https:\/\/asptt-lyon-tennis.fr\/wp-content\/uploads\/2019\/06\/Affiche-\u00e9cole-de-padel-V1-768x1060.jpg 768w, https:\/\/asptt-lyon-tennis.fr\/wp-content\/uploads\/2019\/06\/Affiche-\u00e9cole-de-padel-V1-742x1024.jpg 742w\" sizes=\"(max-width: 658px) 100vw, 658px\" \/><img loading=\"lazy\" class=\" wp-image-870 alignleft\" src=\"http:\/\/asptt-lyon-tennis.fr\/wp-content\/uploads\/2019\/06\/Affiche-galaxie-tennis.jpg\" alt=\"\" width=\"668\" height=\"945\" srcset=\"https:\/\/asptt-lyon-tennis.fr\/wp-content\/uploads\/2019\/06\/Affiche-galaxie-tennis.jpg 794w, https:\/\/asptt-lyon-tennis.fr\/wp-content\/uploads\/2019\/06\/Affiche-galaxie-tennis-212x300.jpg 212w, https:\/\/asptt-lyon-tennis.fr\/wp-content\/uploads\/2019\/06\/Affiche-galaxie-tennis-768x1086.jpg 768w, https:\/\/asptt-lyon-tennis.fr\/wp-content\/uploads\/2019\/06\/Affiche-galaxie-tennis-724x1024.jpg 724w\" sizes=\"(max-width: 668px) 100vw, 668px\" \/><\/p>\n<p>&nbsp;<\/p>\n<p>&nbsp;<\/p>\n","protected":false},"excerpt":{"rendered":"<p>Les inscriptions pour la saison 2019\/2020 sont ouvertes. Pour cette nouvelle saison une \u00e9cole de padel est ouverte pour les jeunes \u00e0 partir de 11 ans. N\u2019h\u00e9sitez pas \u00e0 nous contacter pour une r\u00e9ponse personnalis\u00e9e et compl\u00e8te. Les cours reprendront d\u00e8s le 9 septembre 2019. Toute l&rsquo;\u00e9quipe vous souhaite d&rsquo;ores et d\u00e9j\u00e0 un tr\u00e8s bel<\/p>\n<a class=\"btn_a\" href=\"https:\/\/asptt-lyon-tennis.fr\/?p=871\"><span><i class=\"in_left fa fa-angle-right\"><\/i><span>Details<\/span><i class=\"in_right fa fa-angle-right\"><\/i><\/span><\/a>","protected":false},"author":2,"featured_media":870,"comment_status":"open","ping_status":"open","sticky":false,"template":"","format":"standard","meta":[],"categories":[7],"tags":[],"_links":{"self":[{"href":"https:\/\/asptt-lyon-tennis.fr\/index.php?rest_route=\/wp\/v2\/posts\/871"}],"collection":[{"href":"https:\/\/asptt-lyon-tennis.fr\/index.php?rest_route=\/wp\/v2\/posts"}],"about":[{"href":"https:\/\/asptt-lyon-tennis.fr\/index.php?rest_route=\/wp\/v2\/types\/post"}],"author":[{"embeddable":true,"href":"https:\/\/asptt-lyon-tennis.fr\/index.php?rest_route=\/wp\/v2\/users\/2"}],"replies":[{"embeddable":true,"href":"https:\/\/asptt-lyon-tennis.fr\/index.php?rest_route=%2Fwp%2Fv2%2Fcomments&post=871"}],"version-history":[{"count":1,"href":"https:\/\/asptt-lyon-tennis.fr\/index.php?rest_route=\/wp\/v2\/posts\/871\/revisions"}],"predecessor-version":[{"id":872,"href":"https:\/\/asptt-lyon-tennis.fr\/index.php?rest_route=\/wp\/v2\/posts\/871\/revisions\/872"}],"wp:featuredmedia":[{"embeddable":true,"href":"https:\/\/asptt-lyon-tennis.fr\/index.php?rest_route=\/wp\/v2\/media\/870"}],"wp:attachment":[{"href":"https:\/\/asptt-lyon-tennis.fr\/index.php?rest_route=%2Fwp%2Fv2%2Fmedia&parent=871"}],"wp:term":[{"taxonomy":"category","embeddable":true,"href":"https:\/\/asptt-lyon-tennis.fr\/index.php?rest_route=%2Fwp%2Fv2%2Fcategories&post=871"},{"taxonomy":"post_tag","embeddable":true,"href":"https:\/\/asptt-lyon-tennis.fr\/index.php?rest_route=%2Fwp%2Fv2%2Ftags&post=871"}],"curies":[{"name":"wp","href":"https:\/\/api.w.org\/{rel}","templated":true}]}}