{"id":862,"date":"2019-06-16T19:03:54","date_gmt":"2019-06-16T17:03:54","guid":{"rendered":"http:\/\/asptt-lyon-tennis.fr\/?p=862"},"modified":"2019-06-24T06:53:21","modified_gmt":"2019-06-24T04:53:21","slug":"tournoi-dete-de-padel","status":"publish","type":"post","link":"https:\/\/asptt-lyon-tennis.fr\/?p=862","title":{"rendered":"TOURNOI D&rsquo;\u00c9T\u00c9 DE PADEL"},"content":{"rendered":"<p>Le tournoi d&rsquo;\u00e9t\u00e9 de l\u2019ASPTT GRAND LYON se d\u00e9roulera du mercredi 26 au au dimanche 30 juin.<\/p>\n<p>Toute l\u2019\u00e9quipe sera au rendez-vous pour cet \u00e9v\u00e8nement sportif m\u00ealant comp\u00e9tition et convivialit\u00e9 des phases qualificatives jusqu\u2019aux phases finales.<\/p>\n<p>Nous serions heureux de vous compter parmi nous \u00e0 cette occasion.<\/p>\n<p>Les inscriptions sont ouvertes, alors n\u2019h\u00e9sitez pas !<\/p>\n<p>A bient\u00f4t sur les terrains ou au bord.<\/p>\n<p>L\u2019\u00e9quipe du tournoi<\/p>\n<p><img loading=\"lazy\" class=\"aligncenter size-full wp-image-879\" src=\"http:\/\/asptt-lyon-tennis.fr\/wp-content\/uploads\/2019\/06\/Affiche-tournoi-d\u00e9t\u00e9-2019-1.jpg\" alt=\"\" width=\"1123\" height=\"794\" srcset=\"https:\/\/asptt-lyon-tennis.fr\/wp-content\/uploads\/2019\/06\/Affiche-tournoi-d\u00e9t\u00e9-2019-1.jpg 1123w, https:\/\/asptt-lyon-tennis.fr\/wp-content\/uploads\/2019\/06\/Affiche-tournoi-d\u00e9t\u00e9-2019-1-300x212.jpg 300w, https:\/\/asptt-lyon-tennis.fr\/wp-content\/uploads\/2019\/06\/Affiche-tournoi-d\u00e9t\u00e9-2019-1-768x543.jpg 768w, https:\/\/asptt-lyon-tennis.fr\/wp-content\/uploads\/2019\/06\/Affiche-tournoi-d\u00e9t\u00e9-2019-1-1024x724.jpg 1024w\" sizes=\"(max-width: 1123px) 100vw, 1123px\" \/><\/p>\n","protected":false},"excerpt":{"rendered":"<p>Le tournoi d&rsquo;\u00e9t\u00e9 de l\u2019ASPTT GRAND LYON se d\u00e9roulera du mercredi 26 au au dimanche 30 juin. Toute l\u2019\u00e9quipe sera au rendez-vous pour cet \u00e9v\u00e8nement sportif m\u00ealant comp\u00e9tition et convivialit\u00e9 des phases qualificatives jusqu\u2019aux phases finales. Nous serions heureux de vous compter parmi nous \u00e0 cette occasion. Les inscriptions sont ouvertes, alors n\u2019h\u00e9sitez pas !<\/p>\n<a class=\"btn_a\" href=\"https:\/\/asptt-lyon-tennis.fr\/?p=862\"><span><i class=\"in_left fa fa-angle-right\"><\/i><span>Details<\/span><i class=\"in_right fa fa-angle-right\"><\/i><\/span><\/a>","protected":false},"author":2,"featured_media":879,"comment_status":"open","ping_status":"open","sticky":false,"template":"","format":"standard","meta":[],"categories":[7],"tags":[],"_links":{"self":[{"href":"https:\/\/asptt-lyon-tennis.fr\/index.php?rest_route=\/wp\/v2\/posts\/862"}],"collection":[{"href":"https:\/\/asptt-lyon-tennis.fr\/index.php?rest_route=\/wp\/v2\/posts"}],"about":[{"href":"https:\/\/asptt-lyon-tennis.fr\/index.php?rest_route=\/wp\/v2\/types\/post"}],"author":[{"embeddable":true,"href":"https:\/\/asptt-lyon-tennis.fr\/index.php?rest_route=\/wp\/v2\/users\/2"}],"replies":[{"embeddable":true,"href":"https:\/\/asptt-lyon-tennis.fr\/index.php?rest_route=%2Fwp%2Fv2%2Fcomments&post=862"}],"version-history":[{"count":3,"href":"https:\/\/asptt-lyon-tennis.fr\/index.php?rest_route=\/wp\/v2\/posts\/862\/revisions"}],"predecessor-version":[{"id":881,"href":"https:\/\/asptt-lyon-tennis.fr\/index.php?rest_route=\/wp\/v2\/posts\/862\/revisions\/881"}],"wp:featuredmedia":[{"embeddable":true,"href":"https:\/\/asptt-lyon-tennis.fr\/index.php?rest_route=\/wp\/v2\/media\/879"}],"wp:attachment":[{"href":"https:\/\/asptt-lyon-tennis.fr\/index.php?rest_route=%2Fwp%2Fv2%2Fmedia&parent=862"}],"wp:term":[{"taxonomy":"category","embeddable":true,"href":"https:\/\/asptt-lyon-tennis.fr\/index.php?rest_route=%2Fwp%2Fv2%2Fcategories&post=862"},{"taxonomy":"post_tag","embeddable":true,"href":"https:\/\/asptt-lyon-tennis.fr\/index.php?rest_route=%2Fwp%2Fv2%2Ftags&post=862"}],"curies":[{"name":"wp","href":"https:\/\/api.w.org\/{rel}","templated":true}]}}