{"id":812,"date":"2019-01-15T16:49:24","date_gmt":"2019-01-15T15:49:24","guid":{"rendered":"http:\/\/asptt-lyon-tennis.fr\/?p=812"},"modified":"2019-01-15T16:51:03","modified_gmt":"2019-01-15T15:51:03","slug":"top-depart-pour-une-journee-sportive-et-conviviales","status":"publish","type":"post","link":"https:\/\/asptt-lyon-tennis.fr\/?p=812","title":{"rendered":"Top d\u00e9part pour une journ\u00e9e sportive et conviviales"},"content":{"rendered":"<p>Toute l\u2019\u00e9quipe vous attend samedi 26 janvier \u00e0 partir de 13h30 pour f\u00eater la nouvelle ann\u00e9e.<\/p>\n<p>Au programme de cette journ\u00e9e conviviale et sportive, le racketlon des\u00a0 reines et des rois suivi \u00e0 20h d\u2019une raclette festive et, dans la foul\u00e9e, d&rsquo;une soir\u00e9e jeux de soci\u00e9t\u00e9s, jeux de cartes et plein d&rsquo;autres choses aux choix.<\/p>\n<p>Ce moment convivial, de d\u00e9couverte et de partage de la pratique sportive est ouvert \u00e0 toutes et \u00e0 tous.<\/p>\n<p>Le sport, outre ses effets b\u00e9n\u00e9fiques sur la sant\u00e9 est une in\u00e9puisable source d\u2019\u00e9panouissement et de bien \u00eatre gr\u00e2ce \u00e0 la mixit\u00e9 interg\u00e9n\u00e9rationnelle qu\u2019il occasionne.<\/p>\n<p>Venez vivre pleinement cette belle journ\u00e9e en famille, entre amis ou seul(e).<\/p>\n<p>Informations utiles sur les affiches en pi\u00e8ces-jointes.<\/p>\n<p>Inscriptions au plus tard jeudi 24 janvier aupr\u00e8s des moniteurs, directement au club, par mail, par t\u00e9l\u00e9phone ou via le lien ci-apr\u00e8s.<\/p>\n<p><a href=\"https:\/\/doodle.com\/poll\/f32tm8hdgk8frxvh\">https:\/\/doodle.com\/poll\/f32tm8hdgk8frxvh<\/a><\/p>\n<p>Sportivement votre et \u00e0 tr\u00e8s vite sur les courts.<\/p>\n<p><img loading=\"lazy\" class=\"alignnone size-medium wp-image-810\" src=\"http:\/\/asptt-lyon-tennis.fr\/wp-content\/uploads\/2019\/01\/AFFICHE-SOIREE-RACLETTE-DU-26-JANVIER25878-300x212.jpg\" alt=\"\" width=\"300\" height=\"212\" srcset=\"https:\/\/asptt-lyon-tennis.fr\/wp-content\/uploads\/2019\/01\/AFFICHE-SOIREE-RACLETTE-DU-26-JANVIER25878-300x212.jpg 300w, https:\/\/asptt-lyon-tennis.fr\/wp-content\/uploads\/2019\/01\/AFFICHE-SOIREE-RACLETTE-DU-26-JANVIER25878-768x543.jpg 768w, https:\/\/asptt-lyon-tennis.fr\/wp-content\/uploads\/2019\/01\/AFFICHE-SOIREE-RACLETTE-DU-26-JANVIER25878-1024x724.jpg 1024w, https:\/\/asptt-lyon-tennis.fr\/wp-content\/uploads\/2019\/01\/AFFICHE-SOIREE-RACLETTE-DU-26-JANVIER25878.jpg 1123w\" sizes=\"(max-width: 300px) 100vw, 300px\" \/> <img loading=\"lazy\" class=\"alignnone size-medium wp-image-811\" src=\"http:\/\/asptt-lyon-tennis.fr\/wp-content\/uploads\/2019\/01\/Racketlon-des-reines-et-des-rois-300x212.jpg\" alt=\"\" width=\"300\" height=\"212\" srcset=\"https:\/\/asptt-lyon-tennis.fr\/wp-content\/uploads\/2019\/01\/Racketlon-des-reines-et-des-rois-300x212.jpg 300w, https:\/\/asptt-lyon-tennis.fr\/wp-content\/uploads\/2019\/01\/Racketlon-des-reines-et-des-rois-768x543.jpg 768w, https:\/\/asptt-lyon-tennis.fr\/wp-content\/uploads\/2019\/01\/Racketlon-des-reines-et-des-rois-1024x724.jpg 1024w, https:\/\/asptt-lyon-tennis.fr\/wp-content\/uploads\/2019\/01\/Racketlon-des-reines-et-des-rois.jpg 1123w\" sizes=\"(max-width: 300px) 100vw, 300px\" \/><\/p>\n","protected":false},"excerpt":{"rendered":"<p>Toute l\u2019\u00e9quipe vous attend samedi 26 janvier \u00e0 partir de 13h30 pour f\u00eater la nouvelle ann\u00e9e. Au programme de cette journ\u00e9e conviviale et sportive, le racketlon des\u00a0 reines et des rois suivi \u00e0 20h d\u2019une raclette festive et, dans la foul\u00e9e, d&rsquo;une soir\u00e9e jeux de soci\u00e9t\u00e9s, jeux de cartes et plein d&rsquo;autres choses aux choix.<\/p>\n<a class=\"btn_a\" href=\"https:\/\/asptt-lyon-tennis.fr\/?p=812\"><span><i class=\"in_left fa fa-angle-right\"><\/i><span>Details<\/span><i class=\"in_right fa fa-angle-right\"><\/i><\/span><\/a>","protected":false},"author":2,"featured_media":811,"comment_status":"open","ping_status":"open","sticky":false,"template":"","format":"standard","meta":[],"categories":[7],"tags":[],"_links":{"self":[{"href":"https:\/\/asptt-lyon-tennis.fr\/index.php?rest_route=\/wp\/v2\/posts\/812"}],"collection":[{"href":"https:\/\/asptt-lyon-tennis.fr\/index.php?rest_route=\/wp\/v2\/posts"}],"about":[{"href":"https:\/\/asptt-lyon-tennis.fr\/index.php?rest_route=\/wp\/v2\/types\/post"}],"author":[{"embeddable":true,"href":"https:\/\/asptt-lyon-tennis.fr\/index.php?rest_route=\/wp\/v2\/users\/2"}],"replies":[{"embeddable":true,"href":"https:\/\/asptt-lyon-tennis.fr\/index.php?rest_route=%2Fwp%2Fv2%2Fcomments&post=812"}],"version-history":[{"count":1,"href":"https:\/\/asptt-lyon-tennis.fr\/index.php?rest_route=\/wp\/v2\/posts\/812\/revisions"}],"predecessor-version":[{"id":813,"href":"https:\/\/asptt-lyon-tennis.fr\/index.php?rest_route=\/wp\/v2\/posts\/812\/revisions\/813"}],"wp:featuredmedia":[{"embeddable":true,"href":"https:\/\/asptt-lyon-tennis.fr\/index.php?rest_route=\/wp\/v2\/media\/811"}],"wp:attachment":[{"href":"https:\/\/asptt-lyon-tennis.fr\/index.php?rest_route=%2Fwp%2Fv2%2Fmedia&parent=812"}],"wp:term":[{"taxonomy":"category","embeddable":true,"href":"https:\/\/asptt-lyon-tennis.fr\/index.php?rest_route=%2Fwp%2Fv2%2Fcategories&post=812"},{"taxonomy":"post_tag","embeddable":true,"href":"https:\/\/asptt-lyon-tennis.fr\/index.php?rest_route=%2Fwp%2Fv2%2Ftags&post=812"}],"curies":[{"name":"wp","href":"https:\/\/api.w.org\/{rel}","templated":true}]}}