{"id":420,"date":"2017-09-06T09:14:52","date_gmt":"2017-09-06T07:14:52","guid":{"rendered":"http:\/\/asptt-lyon-tennis.fr\/?p=420"},"modified":"2017-09-06T09:14:52","modified_gmt":"2017-09-06T07:14:52","slug":"ecole-de-tennis","status":"publish","type":"post","link":"https:\/\/asptt-lyon-tennis.fr\/?p=420","title":{"rendered":"\u00c9cole de tennis"},"content":{"rendered":"<p>Reprise des cours de l&rsquo;\u00e9cole de tennis \u00e0 partir de mercredi 13 septembre 2017, des cours adultes et entra\u00eenements \u00e0 partir du lundi 18 septembre 2017.<\/p>\n<p>Quelques places sont encore disponibles. N&rsquo;h\u00e9sitez pas \u00e0 contacter Beno\u00eet ou le club pour plus d&rsquo;informations.<\/p>\n<p><img loading=\"lazy\" class=\"aligncenter size-full wp-image-317\" src=\"http:\/\/asptt-lyon-tennis.fr\/wp-content\/uploads\/2017\/06\/Racketlon-ados-20-mai-2017-2.jpg\" alt=\"\" width=\"3008\" height=\"2000\" srcset=\"https:\/\/asptt-lyon-tennis.fr\/wp-content\/uploads\/2017\/06\/Racketlon-ados-20-mai-2017-2.jpg 3008w, https:\/\/asptt-lyon-tennis.fr\/wp-content\/uploads\/2017\/06\/Racketlon-ados-20-mai-2017-2-300x199.jpg 300w, https:\/\/asptt-lyon-tennis.fr\/wp-content\/uploads\/2017\/06\/Racketlon-ados-20-mai-2017-2-768x511.jpg 768w, https:\/\/asptt-lyon-tennis.fr\/wp-content\/uploads\/2017\/06\/Racketlon-ados-20-mai-2017-2-1024x681.jpg 1024w, https:\/\/asptt-lyon-tennis.fr\/wp-content\/uploads\/2017\/06\/Racketlon-ados-20-mai-2017-2-90x60.jpg 90w\" sizes=\"(max-width: 3008px) 100vw, 3008px\" \/><\/p>\n","protected":false},"excerpt":{"rendered":"<p>Reprise des cours de l&rsquo;\u00e9cole de tennis \u00e0 partir de mercredi 13 septembre 2017, des cours adultes et entra\u00eenements \u00e0 partir du lundi 18 septembre 2017. Quelques places sont encore disponibles. N&rsquo;h\u00e9sitez pas \u00e0 contacter Beno\u00eet ou le club pour plus d&rsquo;informations.<\/p>\n<a class=\"btn_a\" href=\"https:\/\/asptt-lyon-tennis.fr\/?p=420\"><span><i class=\"in_left fa fa-angle-right\"><\/i><span>Details<\/span><i class=\"in_right fa fa-angle-right\"><\/i><\/span><\/a>","protected":false},"author":2,"featured_media":0,"comment_status":"open","ping_status":"open","sticky":false,"template":"","format":"standard","meta":[],"categories":[7],"tags":[],"_links":{"self":[{"href":"https:\/\/asptt-lyon-tennis.fr\/index.php?rest_route=\/wp\/v2\/posts\/420"}],"collection":[{"href":"https:\/\/asptt-lyon-tennis.fr\/index.php?rest_route=\/wp\/v2\/posts"}],"about":[{"href":"https:\/\/asptt-lyon-tennis.fr\/index.php?rest_route=\/wp\/v2\/types\/post"}],"author":[{"embeddable":true,"href":"https:\/\/asptt-lyon-tennis.fr\/index.php?rest_route=\/wp\/v2\/users\/2"}],"replies":[{"embeddable":true,"href":"https:\/\/asptt-lyon-tennis.fr\/index.php?rest_route=%2Fwp%2Fv2%2Fcomments&post=420"}],"version-history":[{"count":1,"href":"https:\/\/asptt-lyon-tennis.fr\/index.php?rest_route=\/wp\/v2\/posts\/420\/revisions"}],"predecessor-version":[{"id":421,"href":"https:\/\/asptt-lyon-tennis.fr\/index.php?rest_route=\/wp\/v2\/posts\/420\/revisions\/421"}],"wp:attachment":[{"href":"https:\/\/asptt-lyon-tennis.fr\/index.php?rest_route=%2Fwp%2Fv2%2Fmedia&parent=420"}],"wp:term":[{"taxonomy":"category","embeddable":true,"href":"https:\/\/asptt-lyon-tennis.fr\/index.php?rest_route=%2Fwp%2Fv2%2Fcategories&post=420"},{"taxonomy":"post_tag","embeddable":true,"href":"https:\/\/asptt-lyon-tennis.fr\/index.php?rest_route=%2Fwp%2Fv2%2Ftags&post=420"}],"curies":[{"name":"wp","href":"https:\/\/api.w.org\/{rel}","templated":true}]}}