{"id":1240,"date":"2022-06-16T22:10:32","date_gmt":"2022-06-16T20:10:32","guid":{"rendered":"http:\/\/asptt-lyon-tennis.fr\/?p=1240"},"modified":"2022-06-16T22:11:23","modified_gmt":"2022-06-16T20:11:23","slug":"les-resultats-jour-apres-jour-du-1er-open-de-lest-lyonnais-cest-ici","status":"publish","type":"post","link":"https:\/\/asptt-lyon-tennis.fr\/?p=1240","title":{"rendered":"Les r\u00e9sultats jour apr\u00e8s jour du 1er Open de l&rsquo;Est Lyonnais &#8230; C&rsquo;est ICI !!"},"content":{"rendered":"\n<p>&#8212;&#8212;&gt;&gt;&gt;&gt;&gt; <a href=\"https:\/\/newsestlyonnais.fr\/site\/tag\/asptt-grand-lyon\/\">https:\/\/newsestlyonnais.fr\/site\/tag\/asptt-grand-lyon\/<\/a><\/p>\n\n\n\n<p><\/p>\n\n\n\n<p>Merci \u00e0 notre partenaire News EST Lyonnais de couvrir cet \u00e9v\u00e8nement.<\/p>\n\n\n\n<p>Facebook : <a href=\"https:\/\/www.facebook.com\/newseslyonnais.fr\/\">https:\/\/www.facebook.com\/newseslyonnais.fr\/<\/a><\/p>\n\n\n\n<p>Site Web : <a href=\"https:\/\/newsestlyonnais.fr\/site\/\">https:\/\/newsestlyonnais.fr\/site\/<\/a><\/p>\n\n\n\n<p><\/p>\n","protected":false},"excerpt":{"rendered":"<p>&#8212;&#8212;&gt;&gt;&gt;&gt;&gt; https:\/\/newsestlyonnais.fr\/site\/tag\/asptt-grand-lyon\/ Merci \u00e0 notre partenaire News EST Lyonnais de couvrir cet \u00e9v\u00e8nement. Facebook : https:\/\/www.facebook.com\/newseslyonnais.fr\/ Site Web : https:\/\/newsestlyonnais.fr\/site\/<\/p>\n<a class=\"btn_a\" href=\"https:\/\/asptt-lyon-tennis.fr\/?p=1240\"><span><i class=\"in_left fa fa-angle-right\"><\/i><span>Details<\/span><i class=\"in_right fa fa-angle-right\"><\/i><\/span><\/a>","protected":false},"author":2,"featured_media":1221,"comment_status":"open","ping_status":"open","sticky":false,"template":"","format":"standard","meta":[],"categories":[7],"tags":[],"_links":{"self":[{"href":"https:\/\/asptt-lyon-tennis.fr\/index.php?rest_route=\/wp\/v2\/posts\/1240"}],"collection":[{"href":"https:\/\/asptt-lyon-tennis.fr\/index.php?rest_route=\/wp\/v2\/posts"}],"about":[{"href":"https:\/\/asptt-lyon-tennis.fr\/index.php?rest_route=\/wp\/v2\/types\/post"}],"author":[{"embeddable":true,"href":"https:\/\/asptt-lyon-tennis.fr\/index.php?rest_route=\/wp\/v2\/users\/2"}],"replies":[{"embeddable":true,"href":"https:\/\/asptt-lyon-tennis.fr\/index.php?rest_route=%2Fwp%2Fv2%2Fcomments&post=1240"}],"version-history":[{"count":2,"href":"https:\/\/asptt-lyon-tennis.fr\/index.php?rest_route=\/wp\/v2\/posts\/1240\/revisions"}],"predecessor-version":[{"id":1242,"href":"https:\/\/asptt-lyon-tennis.fr\/index.php?rest_route=\/wp\/v2\/posts\/1240\/revisions\/1242"}],"wp:featuredmedia":[{"embeddable":true,"href":"https:\/\/asptt-lyon-tennis.fr\/index.php?rest_route=\/wp\/v2\/media\/1221"}],"wp:attachment":[{"href":"https:\/\/asptt-lyon-tennis.fr\/index.php?rest_route=%2Fwp%2Fv2%2Fmedia&parent=1240"}],"wp:term":[{"taxonomy":"category","embeddable":true,"href":"https:\/\/asptt-lyon-tennis.fr\/index.php?rest_route=%2Fwp%2Fv2%2Fcategories&post=1240"},{"taxonomy":"post_tag","embeddable":true,"href":"https:\/\/asptt-lyon-tennis.fr\/index.php?rest_route=%2Fwp%2Fv2%2Ftags&post=1240"}],"curies":[{"name":"wp","href":"https:\/\/api.w.org\/{rel}","templated":true}]}}